{"id":1137,"date":"2014-04-09T17:21:00","date_gmt":"2014-04-09T17:21:00","guid":{"rendered":"http:\/\/rf.podcastfixit.com\/index.php\/2014\/04\/09\/liberals-sweep-lava\/"},"modified":"2015-06-01T19:41:12","modified_gmt":"2015-06-01T19:41:12","slug":"liberals-sweep-lava","status":"publish","type":"post","link":"https:\/\/newscoverage.org\/index.php\/2014\/04\/09\/liberals-sweep-lava\/","title":{"rendered":"LIBERALS SWEEP LAVAL"},"content":{"rendered":"<p><b>By Robert Frank<\/b><br \/><a href=\"http:\/\/www.thesuburban.com\/article.php?id=2933&amp;title=LIBERALS-SWEEP-LAVAL\">www.thesuburban.com<\/a><\/p>\n<p>Laval voters expressed their usual knack for picking a winner, Monday night, as they pushed the <i>Parti qu\u00e9b\u00e9cois<\/i> out of every National Assembly seat on \u00cele J\u00e9sus.<\/p>\n<p>\u201cWe need a Quebec that includes all Quebecers,\u201d premier-elect Philippe Couillard declared when he visited Laval on Friday, \u201cwhere you can be <i>chez vous<\/i> instead of<i> chez nous.\u201d<\/i><\/p>\n<p>Jubilant candidates and campaign staff at the end of the electoral battle contrasted starkly with the Liberals\u2019 funereal news conference at the outset of the campaign a month ago. <\/p>\n<p>\u201cWe\u2019re pleased to send L\u00e9o Bureau-Blouin back to university,\u201d said returning Chomedey MNA and Laval Liberal caucus chair Guy Ouellette. <\/p>\n<p>\u201cOn Saturday, March 29, [outgoing Premier Pauline Marois] turned 65 years old, so she can take her retirement pension,\u201d he quipped to an campaign headquarters packed with Liberal faithful. <\/p>\n<p>\u201cLaval is Quebec\u2019s third-largest city with some 420,000 people,\u201d he told <i>The Suburban <\/i>in an interview. \u201cIt wasn\u2019t well represented by the <i>Parti qu\u00e9becois<\/i> government. It was a mess. With just two PQ MNAs and a P\u00e9quiste minister responsible for Laval who doesn\u2019t even live here, all they paid attention to was their ridings.\u201d <\/p>\n<div style=\"text-align: left;\">\n\u201cStarting tomorrow, the Laval caucus will start rebuilding,\u201d he smiled, \u201cand now we will have the ear of the Premier.\u201d<\/div>\n<p><\/p>\n<div style=\"text-align: center;\">\n<b><br \/><\/b><\/div>\n<div class=\"separator\" style=\"clear: both; text-align: center;\">\n<a href=\"http:\/\/rf.podcastfixit.com\/wp-content\/uploads\/2014\/04\/140404-Laval-Liberal-candidates-Philippe-Couillard-1-1024x768.jpg\" imageanchor=\"1\" style=\"margin-left: 1em; margin-right: 1em;\"><img loading=\"lazy\" decoding=\"async\" border=\"0\" src=\"http:\/\/rf.podcastfixit.com\/wp-content\/uploads\/2014\/04\/140404-Laval-Liberal-candidates-Philippe-Couillard-1-1024x768.jpg\" height=\"240\" width=\"320\" \/><\/a><\/div>\n<div style=\"text-align: center;\">\n<b>Laval united to send all six Liberal candidates to Quebec City on election night, under Dr. Philippe Couillard (centre), who visited Laval on Friday to convey his vision of a Quebec that includes all of its citizens. With him (left to right) Saul Polo (Laval des Rapides), Francine Charbonneau (Mille \u00celes) and Jean Habel (Sainte Rose). In back are Jean Rousselle (Vimont) and Laval Liberal caucus chair Guy Ouellette (Chomedey).<\/b><\/div>\n<div style=\"text-align: center;\">\n<b><i>(Photo \u00a9 Robert Frank)<\/i><\/b><\/div>\n<div style=\"text-align: center;\">\n<b><i><br \/><\/i><\/b><\/div>\n<div class=\"separator\" style=\"clear: both; text-align: center;\">\n<a href=\"http:\/\/rf.podcastfixit.com\/wp-content\/uploads\/2014\/04\/140312-Laval-Liberal-news-conference-1024x768.jpg\" imageanchor=\"1\" style=\"margin-left: 1em; margin-right: 1em;\"><img loading=\"lazy\" decoding=\"async\" border=\"0\" src=\"http:\/\/rf.podcastfixit.com\/wp-content\/uploads\/2014\/04\/140312-Laval-Liberal-news-conference-1024x768.jpg\" height=\"240\" width=\"320\" \/><\/a><\/div>\n<div style=\"text-align: center;\">\n<b>Laval Liberal candidates&#8217; exuberance on election night, April 7, contrasted starkly with their funereal&nbsp;<\/b><b style=\"font-family: Arial, Helvetica, sans-serif;\">March 12&nbsp;<\/b><b style=\"font-family: Arial, Helvetica, sans-serif;\">news conference at the outset of the election campaign.<\/b><\/div>\n<div style=\"text-align: center;\">\n<b style=\"font-family: Arial, Helvetica, sans-serif;\"><i>(Photo \u00a9 Robert Frank)<\/i><\/b><\/div>\n<div class=\"page\" title=\"Page 89\">\n<div class=\"section\">\n<div class=\"layoutArea\">\n<div class=\"column\">\n<\/div>\n<\/div>\n<\/div>\n<\/div>\n<p>  (function(i,s,o,g,r,a,m){i[&#8216;GoogleAnalyticsObject&#8217;]=r;i[r]=i[r]||function(){<br \/>\n  (i[r].q=i[r].q||[]).push(arguments)},i[r].l=1*new Date();a=s.createElement(o),<br \/>\n  m=s.getElementsByTagName(o)[0];a.async=1;a.src=g;m.parentNode.insertBefore(a,m)<br \/>\n  })(window,document,&#8217;script&#8217;,&#8217;\/\/www.google-analytics.com\/analytics.js&#8217;,&#8217;ga&#8217;);<\/p>\n<p>  ga(&#8216;create&#8217;, &#8216;UA-45892555-1&#8217;, &#8216;robertfrankmedia.blogspot.com&#8217;);<br \/>\n  ga(&#8216;send&#8217;, &#8216;pageview&#8217;);<\/p>\n","protected":false},"excerpt":{"rendered":"<p>By Robert Frankwww.thesuburban.com Laval voters expressed their usual knack for picking a winner, Monday night, as they pushed the Parti qu\u00e9b\u00e9cois out of every National Assembly seat on \u00cele J\u00e9sus. \u201cWe need a Quebec that includes all Quebecers,\u201d premier-elect Philippe Couillard declared when he visited Laval on Friday, \u201cwhere you can be chez vous instead<\/p>\n","protected":false},"author":1,"featured_media":3946,"comment_status":"open","ping_status":"open","sticky":false,"template":"","format":"standard","meta":{"footnotes":""},"categories":[1],"tags":[],"class_list":["post-1137","post","type-post","status-publish","format-standard","has-post-thumbnail","hentry","category-uncategorized"],"yoast_head":"<!-- This site is optimized with the Yoast SEO plugin v27.4 - https:\/\/yoast.com\/product\/yoast-seo-wordpress\/ -->\n<title>LIBERALS SWEEP LAVAL - Newscoverage<\/title>\n<meta name=\"robots\" content=\"index, follow, max-snippet:-1, max-image-preview:large, max-video-preview:-1\" \/>\n<link rel=\"canonical\" href=\"https:\/\/newscoverage.org\/index.php\/2014\/04\/09\/liberals-sweep-lava\/\" \/>\n<meta property=\"og:locale\" content=\"en_US\" \/>\n<meta property=\"og:type\" content=\"article\" \/>\n<meta property=\"og:title\" content=\"LIBERALS SWEEP LAVAL - Newscoverage\" \/>\n<meta property=\"og:description\" content=\"By Robert Frankwww.thesuburban.com Laval voters expressed their usual knack for picking a winner, Monday night, as they pushed the Parti qu\u00e9b\u00e9cois out of every National Assembly seat on \u00cele J\u00e9sus. \u201cWe need a Quebec that includes all Quebecers,\u201d premier-elect Philippe Couillard declared when he visited Laval on Friday, \u201cwhere you can be chez vous instead\" \/>\n<meta property=\"og:url\" content=\"https:\/\/newscoverage.org\/index.php\/2014\/04\/09\/liberals-sweep-lava\/\" \/>\n<meta property=\"og:site_name\" content=\"Newscoverage\" \/>\n<meta property=\"article:author\" content=\"https:\/\/www.facebook.com\/robert.frank.90834\" \/>\n<meta property=\"article:published_time\" content=\"2014-04-09T17:21:00+00:00\" \/>\n<meta property=\"article:modified_time\" content=\"2015-06-01T19:41:12+00:00\" \/>\n<meta property=\"og:image\" content=\"https:\/\/newscoverage.org\/wp-content\/uploads\/2014\/04\/140404-Laval-Liberal-candidates-Philippe-Couillard-1.jpg\" \/>\n\t<meta property=\"og:image:width\" content=\"1600\" \/>\n\t<meta property=\"og:image:height\" content=\"1200\" \/>\n\t<meta property=\"og:image:type\" content=\"image\/jpeg\" \/>\n<meta name=\"author\" content=\"editor robert\" \/>\n<meta name=\"twitter:card\" content=\"summary_large_image\" \/>\n<meta name=\"twitter:label1\" content=\"Written by\" \/>\n\t<meta name=\"twitter:data1\" content=\"editor robert\" \/>\n\t<meta name=\"twitter:label2\" content=\"Est. reading time\" \/>\n\t<meta name=\"twitter:data2\" content=\"2 minutes\" \/>\n<script type=\"application\/ld+json\" class=\"yoast-schema-graph\">{\"@context\":\"https:\\\/\\\/schema.org\",\"@graph\":[{\"@type\":\"Article\",\"@id\":\"https:\\\/\\\/newscoverage.org\\\/index.php\\\/2014\\\/04\\\/09\\\/liberals-sweep-lava\\\/#article\",\"isPartOf\":{\"@id\":\"https:\\\/\\\/newscoverage.org\\\/index.php\\\/2014\\\/04\\\/09\\\/liberals-sweep-lava\\\/\"},\"author\":{\"name\":\"editor robert\",\"@id\":\"https:\\\/\\\/newscoverage.org\\\/#\\\/schema\\\/person\\\/fc82a2a747f4a72f7a4833658ab077a3\"},\"headline\":\"LIBERALS SWEEP LAVAL\",\"datePublished\":\"2014-04-09T17:21:00+00:00\",\"dateModified\":\"2015-06-01T19:41:12+00:00\",\"mainEntityOfPage\":{\"@id\":\"https:\\\/\\\/newscoverage.org\\\/index.php\\\/2014\\\/04\\\/09\\\/liberals-sweep-lava\\\/\"},\"wordCount\":392,\"commentCount\":0,\"image\":{\"@id\":\"https:\\\/\\\/newscoverage.org\\\/index.php\\\/2014\\\/04\\\/09\\\/liberals-sweep-lava\\\/#primaryimage\"},\"thumbnailUrl\":\"https:\\\/\\\/newscoverage.org\\\/wp-content\\\/uploads\\\/2014\\\/04\\\/140404-Laval-Liberal-candidates-Philippe-Couillard-1.jpg\",\"inLanguage\":\"en-CA\",\"potentialAction\":[{\"@type\":\"CommentAction\",\"name\":\"Comment\",\"target\":[\"https:\\\/\\\/newscoverage.org\\\/index.php\\\/2014\\\/04\\\/09\\\/liberals-sweep-lava\\\/#respond\"]}]},{\"@type\":\"WebPage\",\"@id\":\"https:\\\/\\\/newscoverage.org\\\/index.php\\\/2014\\\/04\\\/09\\\/liberals-sweep-lava\\\/\",\"url\":\"https:\\\/\\\/newscoverage.org\\\/index.php\\\/2014\\\/04\\\/09\\\/liberals-sweep-lava\\\/\",\"name\":\"LIBERALS SWEEP LAVAL - Newscoverage\",\"isPartOf\":{\"@id\":\"https:\\\/\\\/newscoverage.org\\\/#website\"},\"primaryImageOfPage\":{\"@id\":\"https:\\\/\\\/newscoverage.org\\\/index.php\\\/2014\\\/04\\\/09\\\/liberals-sweep-lava\\\/#primaryimage\"},\"image\":{\"@id\":\"https:\\\/\\\/newscoverage.org\\\/index.php\\\/2014\\\/04\\\/09\\\/liberals-sweep-lava\\\/#primaryimage\"},\"thumbnailUrl\":\"https:\\\/\\\/newscoverage.org\\\/wp-content\\\/uploads\\\/2014\\\/04\\\/140404-Laval-Liberal-candidates-Philippe-Couillard-1.jpg\",\"datePublished\":\"2014-04-09T17:21:00+00:00\",\"dateModified\":\"2015-06-01T19:41:12+00:00\",\"author\":{\"@id\":\"https:\\\/\\\/newscoverage.org\\\/#\\\/schema\\\/person\\\/fc82a2a747f4a72f7a4833658ab077a3\"},\"breadcrumb\":{\"@id\":\"https:\\\/\\\/newscoverage.org\\\/index.php\\\/2014\\\/04\\\/09\\\/liberals-sweep-lava\\\/#breadcrumb\"},\"inLanguage\":\"en-CA\",\"potentialAction\":[{\"@type\":\"ReadAction\",\"target\":[\"https:\\\/\\\/newscoverage.org\\\/index.php\\\/2014\\\/04\\\/09\\\/liberals-sweep-lava\\\/\"]}]},{\"@type\":\"ImageObject\",\"inLanguage\":\"en-CA\",\"@id\":\"https:\\\/\\\/newscoverage.org\\\/index.php\\\/2014\\\/04\\\/09\\\/liberals-sweep-lava\\\/#primaryimage\",\"url\":\"https:\\\/\\\/newscoverage.org\\\/wp-content\\\/uploads\\\/2014\\\/04\\\/140404-Laval-Liberal-candidates-Philippe-Couillard-1.jpg\",\"contentUrl\":\"https:\\\/\\\/newscoverage.org\\\/wp-content\\\/uploads\\\/2014\\\/04\\\/140404-Laval-Liberal-candidates-Philippe-Couillard-1.jpg\",\"width\":1600,\"height\":1200},{\"@type\":\"BreadcrumbList\",\"@id\":\"https:\\\/\\\/newscoverage.org\\\/index.php\\\/2014\\\/04\\\/09\\\/liberals-sweep-lava\\\/#breadcrumb\",\"itemListElement\":[{\"@type\":\"ListItem\",\"position\":1,\"name\":\"Home\",\"item\":\"https:\\\/\\\/newscoverage.org\\\/\"},{\"@type\":\"ListItem\",\"position\":2,\"name\":\"LIBERALS SWEEP LAVAL\"}]},{\"@type\":\"WebSite\",\"@id\":\"https:\\\/\\\/newscoverage.org\\\/#website\",\"url\":\"https:\\\/\\\/newscoverage.org\\\/\",\"name\":\"Newscoverage\",\"description\":\"newscoverage.org\",\"potentialAction\":[{\"@type\":\"SearchAction\",\"target\":{\"@type\":\"EntryPoint\",\"urlTemplate\":\"https:\\\/\\\/newscoverage.org\\\/?s={search_term_string}\"},\"query-input\":{\"@type\":\"PropertyValueSpecification\",\"valueRequired\":true,\"valueName\":\"search_term_string\"}}],\"inLanguage\":\"en-CA\"},{\"@type\":\"Person\",\"@id\":\"https:\\\/\\\/newscoverage.org\\\/#\\\/schema\\\/person\\\/fc82a2a747f4a72f7a4833658ab077a3\",\"name\":\"editor robert\",\"image\":{\"@type\":\"ImageObject\",\"inLanguage\":\"en-CA\",\"@id\":\"https:\\\/\\\/secure.gravatar.com\\\/avatar\\\/8218f97425a88f0212b8636d21d09c56391445f892db32b08ed4f8e5613c37ac?s=96&d=mm&r=g\",\"url\":\"https:\\\/\\\/secure.gravatar.com\\\/avatar\\\/8218f97425a88f0212b8636d21d09c56391445f892db32b08ed4f8e5613c37ac?s=96&d=mm&r=g\",\"contentUrl\":\"https:\\\/\\\/secure.gravatar.com\\\/avatar\\\/8218f97425a88f0212b8636d21d09c56391445f892db32b08ed4f8e5613c37ac?s=96&d=mm&r=g\",\"caption\":\"editor robert\"},\"sameAs\":[\"https:\\\/\\\/www.facebook.com\\\/robert.frank.90834\"],\"url\":\"https:\\\/\\\/newscoverage.org\\\/index.php\\\/author\\\/editor-robert\\\/\"}]}<\/script>\n<!-- \/ Yoast SEO plugin. -->","yoast_head_json":{"title":"LIBERALS SWEEP LAVAL - Newscoverage","robots":{"index":"index","follow":"follow","max-snippet":"max-snippet:-1","max-image-preview":"max-image-preview:large","max-video-preview":"max-video-preview:-1"},"canonical":"https:\/\/newscoverage.org\/index.php\/2014\/04\/09\/liberals-sweep-lava\/","og_locale":"en_US","og_type":"article","og_title":"LIBERALS SWEEP LAVAL - Newscoverage","og_description":"By Robert Frankwww.thesuburban.com Laval voters expressed their usual knack for picking a winner, Monday night, as they pushed the Parti qu\u00e9b\u00e9cois out of every National Assembly seat on \u00cele J\u00e9sus. \u201cWe need a Quebec that includes all Quebecers,\u201d premier-elect Philippe Couillard declared when he visited Laval on Friday, \u201cwhere you can be chez vous instead","og_url":"https:\/\/newscoverage.org\/index.php\/2014\/04\/09\/liberals-sweep-lava\/","og_site_name":"Newscoverage","article_author":"https:\/\/www.facebook.com\/robert.frank.90834","article_published_time":"2014-04-09T17:21:00+00:00","article_modified_time":"2015-06-01T19:41:12+00:00","og_image":[{"width":1600,"height":1200,"url":"https:\/\/newscoverage.org\/wp-content\/uploads\/2014\/04\/140404-Laval-Liberal-candidates-Philippe-Couillard-1.jpg","type":"image\/jpeg"}],"author":"editor robert","twitter_card":"summary_large_image","twitter_misc":{"Written by":"editor robert","Est. reading time":"2 minutes"},"schema":{"@context":"https:\/\/schema.org","@graph":[{"@type":"Article","@id":"https:\/\/newscoverage.org\/index.php\/2014\/04\/09\/liberals-sweep-lava\/#article","isPartOf":{"@id":"https:\/\/newscoverage.org\/index.php\/2014\/04\/09\/liberals-sweep-lava\/"},"author":{"name":"editor robert","@id":"https:\/\/newscoverage.org\/#\/schema\/person\/fc82a2a747f4a72f7a4833658ab077a3"},"headline":"LIBERALS SWEEP LAVAL","datePublished":"2014-04-09T17:21:00+00:00","dateModified":"2015-06-01T19:41:12+00:00","mainEntityOfPage":{"@id":"https:\/\/newscoverage.org\/index.php\/2014\/04\/09\/liberals-sweep-lava\/"},"wordCount":392,"commentCount":0,"image":{"@id":"https:\/\/newscoverage.org\/index.php\/2014\/04\/09\/liberals-sweep-lava\/#primaryimage"},"thumbnailUrl":"https:\/\/newscoverage.org\/wp-content\/uploads\/2014\/04\/140404-Laval-Liberal-candidates-Philippe-Couillard-1.jpg","inLanguage":"en-CA","potentialAction":[{"@type":"CommentAction","name":"Comment","target":["https:\/\/newscoverage.org\/index.php\/2014\/04\/09\/liberals-sweep-lava\/#respond"]}]},{"@type":"WebPage","@id":"https:\/\/newscoverage.org\/index.php\/2014\/04\/09\/liberals-sweep-lava\/","url":"https:\/\/newscoverage.org\/index.php\/2014\/04\/09\/liberals-sweep-lava\/","name":"LIBERALS SWEEP LAVAL - Newscoverage","isPartOf":{"@id":"https:\/\/newscoverage.org\/#website"},"primaryImageOfPage":{"@id":"https:\/\/newscoverage.org\/index.php\/2014\/04\/09\/liberals-sweep-lava\/#primaryimage"},"image":{"@id":"https:\/\/newscoverage.org\/index.php\/2014\/04\/09\/liberals-sweep-lava\/#primaryimage"},"thumbnailUrl":"https:\/\/newscoverage.org\/wp-content\/uploads\/2014\/04\/140404-Laval-Liberal-candidates-Philippe-Couillard-1.jpg","datePublished":"2014-04-09T17:21:00+00:00","dateModified":"2015-06-01T19:41:12+00:00","author":{"@id":"https:\/\/newscoverage.org\/#\/schema\/person\/fc82a2a747f4a72f7a4833658ab077a3"},"breadcrumb":{"@id":"https:\/\/newscoverage.org\/index.php\/2014\/04\/09\/liberals-sweep-lava\/#breadcrumb"},"inLanguage":"en-CA","potentialAction":[{"@type":"ReadAction","target":["https:\/\/newscoverage.org\/index.php\/2014\/04\/09\/liberals-sweep-lava\/"]}]},{"@type":"ImageObject","inLanguage":"en-CA","@id":"https:\/\/newscoverage.org\/index.php\/2014\/04\/09\/liberals-sweep-lava\/#primaryimage","url":"https:\/\/newscoverage.org\/wp-content\/uploads\/2014\/04\/140404-Laval-Liberal-candidates-Philippe-Couillard-1.jpg","contentUrl":"https:\/\/newscoverage.org\/wp-content\/uploads\/2014\/04\/140404-Laval-Liberal-candidates-Philippe-Couillard-1.jpg","width":1600,"height":1200},{"@type":"BreadcrumbList","@id":"https:\/\/newscoverage.org\/index.php\/2014\/04\/09\/liberals-sweep-lava\/#breadcrumb","itemListElement":[{"@type":"ListItem","position":1,"name":"Home","item":"https:\/\/newscoverage.org\/"},{"@type":"ListItem","position":2,"name":"LIBERALS SWEEP LAVAL"}]},{"@type":"WebSite","@id":"https:\/\/newscoverage.org\/#website","url":"https:\/\/newscoverage.org\/","name":"Newscoverage","description":"newscoverage.org","potentialAction":[{"@type":"SearchAction","target":{"@type":"EntryPoint","urlTemplate":"https:\/\/newscoverage.org\/?s={search_term_string}"},"query-input":{"@type":"PropertyValueSpecification","valueRequired":true,"valueName":"search_term_string"}}],"inLanguage":"en-CA"},{"@type":"Person","@id":"https:\/\/newscoverage.org\/#\/schema\/person\/fc82a2a747f4a72f7a4833658ab077a3","name":"editor robert","image":{"@type":"ImageObject","inLanguage":"en-CA","@id":"https:\/\/secure.gravatar.com\/avatar\/8218f97425a88f0212b8636d21d09c56391445f892db32b08ed4f8e5613c37ac?s=96&d=mm&r=g","url":"https:\/\/secure.gravatar.com\/avatar\/8218f97425a88f0212b8636d21d09c56391445f892db32b08ed4f8e5613c37ac?s=96&d=mm&r=g","contentUrl":"https:\/\/secure.gravatar.com\/avatar\/8218f97425a88f0212b8636d21d09c56391445f892db32b08ed4f8e5613c37ac?s=96&d=mm&r=g","caption":"editor robert"},"sameAs":["https:\/\/www.facebook.com\/robert.frank.90834"],"url":"https:\/\/newscoverage.org\/index.php\/author\/editor-robert\/"}]}},"amp_enabled":true,"_links":{"self":[{"href":"https:\/\/newscoverage.org\/index.php\/wp-json\/wp\/v2\/posts\/1137","targetHints":{"allow":["GET"]}}],"collection":[{"href":"https:\/\/newscoverage.org\/index.php\/wp-json\/wp\/v2\/posts"}],"about":[{"href":"https:\/\/newscoverage.org\/index.php\/wp-json\/wp\/v2\/types\/post"}],"author":[{"embeddable":true,"href":"https:\/\/newscoverage.org\/index.php\/wp-json\/wp\/v2\/users\/1"}],"replies":[{"embeddable":true,"href":"https:\/\/newscoverage.org\/index.php\/wp-json\/wp\/v2\/comments?post=1137"}],"version-history":[{"count":1,"href":"https:\/\/newscoverage.org\/index.php\/wp-json\/wp\/v2\/posts\/1137\/revisions"}],"predecessor-version":[{"id":3948,"href":"https:\/\/newscoverage.org\/index.php\/wp-json\/wp\/v2\/posts\/1137\/revisions\/3948"}],"wp:featuredmedia":[{"embeddable":true,"href":"https:\/\/newscoverage.org\/index.php\/wp-json\/wp\/v2\/media\/3946"}],"wp:attachment":[{"href":"https:\/\/newscoverage.org\/index.php\/wp-json\/wp\/v2\/media?parent=1137"}],"wp:term":[{"taxonomy":"category","embeddable":true,"href":"https:\/\/newscoverage.org\/index.php\/wp-json\/wp\/v2\/categories?post=1137"},{"taxonomy":"post_tag","embeddable":true,"href":"https:\/\/newscoverage.org\/index.php\/wp-json\/wp\/v2\/tags?post=1137"}],"curies":[{"name":"wp","href":"https:\/\/api.w.org\/{rel}","templated":true}]}}